{"id":251,"date":"2026-03-27T10:13:33","date_gmt":"2026-03-27T09:13:33","guid":{"rendered":"https:\/\/tolgyesinorbert.hu\/?p=251"},"modified":"2026-04-02T09:34:21","modified_gmt":"2026-04-02T07:34:21","slug":"egy-hetvege-a-solarissal","status":"publish","type":"post","link":"https:\/\/tolgyesinorbert.hu\/?p=251","title":{"rendered":"Egy h\u00e9tv\u00e9ge a Solarissal"},"content":{"rendered":"\n<p><em>Fot\u00f3k: <a href=\"https:\/\/www.facebook.com\/solarisegyuttes.hu\">Solaris egy\u00fcttes facebook<\/a>, Bosny\u00e1k L\u00e1szl\u00f3, V\u00e1rady Nikolett. <\/em><\/p>\n\n\n\n<p>Ak\u00e1rhov\u00e1 is fordul ki a vil\u00e1g mag\u00e1b\u00f3l, kell legyen benn\u00fcnk n\u00e9h\u00e1ny biztos pont. N\u00e9h\u00e1ny sarkcsillag. A whiskyr\u0151l m\u00e1shogyan sz\u00f3l\u00f3 Dramazinon m\u00e1r <a href=\"https:\/\/dramazin.hu\/?p=16207\">\u00edrtam<\/a> a Marsb\u00e9li kr\u00f3nik\u00e1kr\u00f3l, arr\u00f3l, hogy mit is jelent nekem a Solaris, az \u00e9n egyik sarkcsillagom. R\u00e9gi fekete-feh\u00e9r f\u00e9nyk\u00e9pek, panelh\u00e1zak, sz\u00fcrke lak\u00f3telepek, ABC-k, a szocializmus utols\u00f3 \u00e9vtizede Merk\u00far Lad\u00e1kkal, sz\u00f6gletes, merev elvt\u00e1rsakkal \u00e9s brig\u00e1dvacsor\u00e1kkal. Felsorolni sem pr\u00f3b\u00e1lom teljesk\u00f6r\u0171en, \u00e9n csak nagyj\u00e1b\u00f3l h\u00e9t \u00e9ves koromig toltam azt a rendszert. Addig b\u00edrt meg engem, majd jobb l\u00e9tre szender\u00fclt. Ok\u00e9, velem vagy n\u00e9lk\u00fclem, t\u00f6rt\u00e9nelmi \u00f6sszed\u0151l\u00e9se a vil\u00e1g folyamatainak t\u00fckr\u00e9ben elker\u00fclhetetlen volt. A Solaris zenekar p\u00e1lyafut\u00e1s\u00e1nak els\u0151 fejezete erre az id\u0151szakra esett, a k\u00e1d\u00e1ri Magyarorsz\u00e1g utols\u00f3 \u00e9vtized\u00e9re.<\/p>\n\n\n\n<figure class=\"wp-block-image size-large\"><img loading=\"lazy\" decoding=\"async\" width=\"846\" height=\"1024\" src=\"https:\/\/tolgyesinorbert.hu\/wp-content\/uploads\/2026\/03\/image-8-846x1024.png\" alt=\"\" class=\"wp-image-339\" srcset=\"https:\/\/tolgyesinorbert.hu\/wp-content\/uploads\/2026\/03\/image-8-846x1024.png 846w, https:\/\/tolgyesinorbert.hu\/wp-content\/uploads\/2026\/03\/image-8-248x300.png 248w, https:\/\/tolgyesinorbert.hu\/wp-content\/uploads\/2026\/03\/image-8-768x929.png 768w, https:\/\/tolgyesinorbert.hu\/wp-content\/uploads\/2026\/03\/image-8.png 1018w\" sizes=\"auto, (max-width: 846px) 100vw, 846px\" \/><figcaption class=\"wp-element-caption\">Solaris 1982 &#8211; Bogd\u00e1n Csaba, Kisszab\u00f3 G\u00e1bor, Erd\u00e9sz R\u00f3bert, Koll\u00e1r Attila, Czigl\u00e1n Istv\u00e1n, Raus Ferenc &#8211; a zenekar t\u00f6rt\u00e9net\u00e9r\u0151l (a cikkben eml\u00edtett Amanda Lear-el k\u00f6z\u00f6s koncertet is \u00e9rintve) egy remek egy \u00f3r\u00e1s interj\u00fa l\u00e1that\u00f3 a Priv\u00e1t Rockt\u00f6rt\u00e9net sorozatban 2008-b\u00f3l <a href=\"https:\/\/www.youtube.com\/watch?v=voAzm7pqZo8\">itt<\/a>. K\u00e9p: <a href=\"https:\/\/www.facebook.com\/solarisegyuttes.hu\">Solaris egy\u00fcttes facebook<\/a><\/figcaption><\/figure>\n\n\n\n<p>Az els\u0151 Solaris lemez j\u00f6n velem az \u00faton a kezdetekt\u0151l. 1984-ben adt\u00e1k ki, de 1983-ban sz\u00fcletett, mint \u00e9n. Legal\u00e1bbis a nagy r\u00e9sze. Egy p\u00e9ld\u00e1ny ott volt az ap\u00e1m lemezei k\u00f6zt a kis gurul\u00f3s s\u00f6t\u00e9tbarna asztalban a szoba k\u00f6zep\u00e9n a kilencvenes \u00e9vek elej\u00e9n, amikor az \u00f6reg nagy ritk\u00e1n gombfocizott velem a parkett\u00e1n vagy sakkoztunk a sz\u0151nyegen egy-egy nagy b\u00f6gre piros hibiszkuszte\u00e1t kortyolgatva. P\u00e1r b\u00e9k\u00e9s pillanat a viharokban, m\u00e9gis megt\u00e1masztanak mindig, ha d\u0151ln\u00e9k.<\/p>\n\n\n<div class=\"wp-block-image\">\n<figure class=\"aligncenter size-full\"><img loading=\"lazy\" decoding=\"async\" width=\"1000\" height=\"1000\" src=\"https:\/\/tolgyesinorbert.hu\/wp-content\/uploads\/2026\/03\/image-7.png\" alt=\"\" class=\"wp-image-328\" srcset=\"https:\/\/tolgyesinorbert.hu\/wp-content\/uploads\/2026\/03\/image-7.png 1000w, https:\/\/tolgyesinorbert.hu\/wp-content\/uploads\/2026\/03\/image-7-300x300.png 300w, https:\/\/tolgyesinorbert.hu\/wp-content\/uploads\/2026\/03\/image-7-150x150.png 150w, https:\/\/tolgyesinorbert.hu\/wp-content\/uploads\/2026\/03\/image-7-768x768.png 768w\" sizes=\"auto, (max-width: 1000px) 100vw, 1000px\" \/><\/figure>\n<\/div>\n\n\n<p>Lemezeket emlegetek, de gyerekkoromban nagyon sok\u00e1ig nem volt hozz\u00e1juk lej\u00e1tsz\u00f3nk, ap\u00e1m eladta, ahogy a korongokb\u00f3l is a legt\u00f6bbet, ha kellett a p\u00e9nz csal\u00e1dunk ide-oda ver\u0151d\u00e9se k\u00f6zben. Valami m\u0171v\u00e9szetn\u00e9l, sz\u00f3rakoz\u00e1sn\u00e1l als\u00f3bb polcos dologra. Keny\u00e9r, ilyesmi. A lemezj\u00e1tsz\u00f3 hi\u00e1nya nem tartott vissza, az uzsonnap\u00e9nzemnek sz\u00e1nt apr\u00f3kat is sokszor bakelitekre sz\u00f3rtam el iskol\u00e1sk\u00e9nt, \u00e9s \u00e9vekig csak n\u00e9zegettem az albumokat, hallgatni kazett\u00e1n tudtam, ami megvolt. A Solarisszal is \u00edgy volt. Mire \u00e9n a zenekar munk\u00e1ihoz jutottam \u00f6n\u00e1ll\u00f3 hallgat\u00f3k\u00e9nt, a banda m\u00e1r hossz\u00fa \u00e9vek \u00f3ta nem l\u00e9tezett (1986-ban b\u00facs\u00faztak el a k\u00f6z\u00f6ns\u00e9gt\u0151l egy legend\u00e1s koncerten a PeCs\u00e1ban, ahol \u00e9teri eleganci\u00e1val bemutattak egy \u00faj, h\u00fasz perces szvitet&#8230; egy b\u00facs\u00fakoncerten&#8230;). Ap\u00e1m nagyj\u00e1b\u00f3l egyid\u0151s volt a zen\u00e9szekkel, \u00e9n m\u00e1r m\u00e1sodvonalas rajong\u00f3 vagyok. A kazettagy\u0171jtem\u00e9ny m\u00e1r a m\u00falt\u00e9, viszont ami hanglemez t\u00fal\u00e9lte a v\u00e1ls\u00e1gos nyolcvanas-kilencvenes \u00e9veinket, arra \u00e9p\u00fclt fel a saj\u00e1t gy\u0171jtem\u00e9nyem a k\u00e9s\u0151bbi \u00e9vtizedekben. J\u00f6nnek velem&#8230; sokszor k\u00f6lt\u00f6ztettem m\u00e1r \u0151ket ban\u00e1nos dobozokban, bev\u00e1s\u00e1rl\u00f3szatyrokban. Sosem volt t\u00fal sok vagy t\u00fal neh\u00e9z&#8230; m\u00e9g akkor is ragaszkodtam hozz\u00e1juk, amikor Zugl\u00f3ban egy pici szob\u00e1ba kellett bepr\u00e9selnem magamat minden cuccommal. L\u00e9pni is alig tudtam, de egy lemezt\u0151l sem v\u00e1ltam meg.<\/p>\n\n\n\n<div style=\"height:42px\" aria-hidden=\"true\" class=\"wp-block-spacer\"><\/div>\n\n\n<div class=\"wp-block-image\">\n<figure class=\"aligncenter size-full is-resized\"><img loading=\"lazy\" decoding=\"async\" width=\"1000\" height=\"1000\" src=\"https:\/\/tolgyesinorbert.hu\/wp-content\/uploads\/2026\/03\/image-17.png\" alt=\"\" class=\"wp-image-401\" style=\"width:540px;height:auto\" srcset=\"https:\/\/tolgyesinorbert.hu\/wp-content\/uploads\/2026\/03\/image-17.png 1000w, https:\/\/tolgyesinorbert.hu\/wp-content\/uploads\/2026\/03\/image-17-300x300.png 300w, https:\/\/tolgyesinorbert.hu\/wp-content\/uploads\/2026\/03\/image-17-150x150.png 150w, https:\/\/tolgyesinorbert.hu\/wp-content\/uploads\/2026\/03\/image-17-768x768.png 768w\" sizes=\"auto, (max-width: 1000px) 100vw, 1000px\" \/><\/figure>\n<\/div>\n\n\n<div style=\"height:42px\" aria-hidden=\"true\" class=\"wp-block-spacer\"><\/div>\n\n\n\n<p>2013-ban \u00e9s 2014-ben is megn\u00e9ztem a zenekart a M\u00fcP\u00e1ban. Tal\u00e1n m\u00e9g nem voltam el\u00e9g id\u0151s harminc \u00e9vesen egy m\u00e9lyebb szentimentalizmushoz, mert nem eml\u00e9kszem olyasfajta izgatotts\u00e1gra, mint amikor 2024-ben megjelent a Marsb\u00e9li Kr\u00f3nik\u00e1k h\u00e1rom, vagy amikor megl\u00e1ttam a jegyeket a 45 \u00e9ves jubileumi koncertre. M\u00e9g el\u0151z\u0151 \u00e9v okt\u00f3ber\u00e9ben megvettem egy bel\u00e9p\u0151t a 2026. m\u00e1rcius 21-ei id\u0151pontra. Hamar beteltek a helyek, a rajong\u00f3k felsz\u00edvt\u00e1k, mint \u00e9hes hangy\u00e1szsereg az apr\u00f3, dolgos rovarokat. \u00dagy gondoltam, hogy odahaza a csal\u00e1domb\u00f3l senki nem kapja fel a fej\u00e9t a koncert h\u00edr\u00e9re. T\u00e9vedtem. Az egyik nagyfiunk, Tam\u00e1s bedobta a bomb\u00e1t: &#8222;J\u00f6v\u00f6k!&#8221; Ok\u00e9, szabad helyek elv\u00e9tve itt-ott egyes\u00e9vel. &#8222;Nem baj, ha nem egym\u00e1s mellett \u00fcl\u00fcnk?&#8221;, &#8222;Akkor nem j\u00f6v\u00f6k.&#8221;. Ok\u00e9. Kock\u00e1ztattam, feltettem a megl\u00e9v\u0151 jegyemet egy jegycser\u00e9l\u0151 oldalra. Elkelt. Szinte ezzel egy id\u0151ben nyitottak 15-15 helyet mindk\u00e9t napra, \u00edgy szombatra gyorsan le is foglaltam k\u00e9t egym\u00e1s mell\u00e9 sz\u00f3l\u00f3 bel\u00e9p\u0151t az els\u0151 sorba. Huh.<\/p>\n\n\n\n<div style=\"height:42px\" aria-hidden=\"true\" class=\"wp-block-spacer\"><\/div>\n\n\n<div class=\"wp-block-image\">\n<figure class=\"aligncenter size-full\"><img loading=\"lazy\" decoding=\"async\" width=\"960\" height=\"502\" src=\"https:\/\/tolgyesinorbert.hu\/wp-content\/uploads\/2026\/03\/image-14.png\" alt=\"\" class=\"wp-image-368\" srcset=\"https:\/\/tolgyesinorbert.hu\/wp-content\/uploads\/2026\/03\/image-14.png 960w, https:\/\/tolgyesinorbert.hu\/wp-content\/uploads\/2026\/03\/image-14-300x157.png 300w, https:\/\/tolgyesinorbert.hu\/wp-content\/uploads\/2026\/03\/image-14-768x402.png 768w\" sizes=\"auto, (max-width: 960px) 100vw, 960px\" \/><figcaption class=\"wp-element-caption\">K\u00e9p: <a href=\"https:\/\/www.facebook.com\/solarisegyuttes.hu\">Solaris egy\u00fcttes facebook<\/a><\/figcaption><\/figure>\n<\/div>\n\n\n<p>Kocsival indultunk, az \u00faton kedvcsin\u00e1l\u00f3k\u00e9nt mes\u00e9ltem Tam\u00e1snak, hogy t\u00f6bb mint n\u00e9gy \u00e9vtizedes a zenekar&#8230; van k\u00f6zt\u00fck orvos&#8230; halbiol\u00f3gus is fell\u00e9p majd&#8230; meg m\u00e9rn\u00f6k&#8230; meg hogy hamarabb kezdtek zen\u00e9lni, mint ahogy \u00e9n megsz\u00fclettem, \u00e9s a lemezek milyen r\u00e9g ott vannak nekem, \u00e9s csak h\u00e1romsz\u00e1z van a n\u00e9melyikb\u0151l, meg hogy ap\u00e1mt\u00f3l van az els\u0151&#8230; \u00e9s hogy mennyit jelent nekem. Tal\u00e1n nem toltam t\u00fal, azt hiszem nem&#8230; Tam\u00e1s lelkes maradt.<\/p>\n\n\n\n<p>Kicsit nehezen keveredt\u00fcnk ki a V\u00e1rkert Baz\u00e1r parkol\u00f3h\u00e1z\u00e1b\u00f3l, de \u00fcd\u00edt\u0151leg hatott r\u00e1nk a sz\u00fcrke gar\u00e1zs unalmas falai k\u00f6z\u00fcl a v\u00e1r t\u00e9glafolyos\u00f3ira kilyukadni. Igaz\u00e1n exkluz\u00edv helysz\u00edn az egykori Ifj\u00fas\u00e1gi Park hely\u00e9n az egykori v\u00e9d\u0151s\u00e1ncokra r\u00e1\u00e9p\u00fclve, a modern \u00e9p\u00edt\u00e9szet \u00f6lel\u00e9s\u00e9ben meg\u0151rz\u00f6tt r\u00e9gi. M\u00e9lt\u00f3 a zenekarhoz, \u00e9s ne felejts\u00fck, a Solaris p\u00e1lyafut\u00e1s\u00e1nak fontos els\u0151 l\u00e9p\u00e9se, a Pesti M\u0171sor tehets\u00e9gkutat\u00f3j\u00e1nak d\u00f6nt\u0151je az Ifiparkban volt&#8230; ikonikus visszat\u00e9r\u00e9s. B\u0151 t\u00edz \u00e9vvel ezel\u0151tt m\u00e1r j\u00e1rtam a a V\u00e1rkert Baz\u00e1rban egy IT konferenci\u00e1n, amib\u0151l a legink\u00e1bb arra eml\u00e9kszem, hogy veget\u00e1ri\u00e1nus men\u00fc volt, ami felbosszantott kiss\u00e9. A konferenci\u00e1k legjobban v\u00e1rt r\u00e9sze a kaja, erre z\u00f6ld\u00e1rut toltak el\u00e9m. Na j\u00f3, ez t\u00falz\u00e1s. Fant\u00e1ziad\u00fas \u00e9telkompoz\u00edci\u00f3k voltak.<\/p>\n\n\n\n<div style=\"height:42px\" aria-hidden=\"true\" class=\"wp-block-spacer\"><\/div>\n\n\n\n<figure class=\"wp-block-image alignwide size-full\"><img loading=\"lazy\" decoding=\"async\" width=\"2048\" height=\"1824\" src=\"https:\/\/tolgyesinorbert.hu\/wp-content\/uploads\/2026\/03\/image-19.png\" alt=\"\" class=\"wp-image-412\" srcset=\"https:\/\/tolgyesinorbert.hu\/wp-content\/uploads\/2026\/03\/image-19.png 2048w, https:\/\/tolgyesinorbert.hu\/wp-content\/uploads\/2026\/03\/image-19-300x267.png 300w, https:\/\/tolgyesinorbert.hu\/wp-content\/uploads\/2026\/03\/image-19-1024x912.png 1024w, https:\/\/tolgyesinorbert.hu\/wp-content\/uploads\/2026\/03\/image-19-768x684.png 768w, https:\/\/tolgyesinorbert.hu\/wp-content\/uploads\/2026\/03\/image-19-1536x1368.png 1536w, https:\/\/tolgyesinorbert.hu\/wp-content\/uploads\/2026\/03\/image-19-1140x1015.png 1140w\" sizes=\"auto, (max-width: 2048px) 100vw, 2048px\" \/><figcaption class=\"wp-element-caption\">V\u00e1rkert Baz\u00e1r, k\u00e9p: <a href=\"https:\/\/www.facebook.com\/solarisegyuttes.hu\">Solaris egy\u00fcttes facebook<\/a><\/figcaption><\/figure>\n\n\n\n<p>Az els\u0151 sorban tal\u00e1n nem a legjobb a hangz\u00e1s, \u00e9n m\u00e9gis rettent\u0151 bolog voltam vele, hogy kedvenceimet k\u00f6zelr\u0151l l\u00e1thatom, szeretem l\u00e1tni az izzadts\u00e1gcseppeket, az arcokat, a tekinteteket, a git\u00e1ros ujjait, mindent. Im\u00e1dom azt is, amikor m\u00e9g csak az \u00fcres sz\u00ednpad van, a hangszerek be\u00e1ll\u00edtva, fegyelmezetten v\u00e1rj\u00e1k a zen\u00e9szeket. M\u00e1gikus, izgalommal teli percek.<\/p>\n\n\n\n<div style=\"height:40px\" aria-hidden=\"true\" class=\"wp-block-spacer\"><\/div>\n\n\n\n<figure class=\"wp-block-image alignwide size-full\"><img loading=\"lazy\" decoding=\"async\" width=\"2560\" height=\"1441\" src=\"https:\/\/tolgyesinorbert.hu\/wp-content\/uploads\/2026\/03\/20260321_185201-1-scaled.jpg\" alt=\"\" class=\"wp-image-256\" srcset=\"https:\/\/tolgyesinorbert.hu\/wp-content\/uploads\/2026\/03\/20260321_185201-1-scaled.jpg 2560w, https:\/\/tolgyesinorbert.hu\/wp-content\/uploads\/2026\/03\/20260321_185201-1-300x169.jpg 300w, https:\/\/tolgyesinorbert.hu\/wp-content\/uploads\/2026\/03\/20260321_185201-1-1024x577.jpg 1024w, https:\/\/tolgyesinorbert.hu\/wp-content\/uploads\/2026\/03\/20260321_185201-1-768x432.jpg 768w, https:\/\/tolgyesinorbert.hu\/wp-content\/uploads\/2026\/03\/20260321_185201-1-1536x865.jpg 1536w, https:\/\/tolgyesinorbert.hu\/wp-content\/uploads\/2026\/03\/20260321_185201-1-2048x1153.jpg 2048w, https:\/\/tolgyesinorbert.hu\/wp-content\/uploads\/2026\/03\/20260321_185201-1-1140x642.jpg 1140w\" sizes=\"auto, (max-width: 2560px) 100vw, 2560px\" \/><figcaption class=\"wp-element-caption\">Szombat este az els\u0151 sorb\u00f3l, saj\u00e1t fot\u00f3<\/figcaption><\/figure>\n\n\n\n<p>Kezd\u00e9snek az els\u0151 Marsb\u00e9li Kr\u00f3nik\u00e1k lemez c\u00edmad\u00f3 dalf\u00fcz\u00e9r\u00e9t teljes eg\u00e9sz\u00e9ben elj\u00e1tszott\u00e1k, itt-ott \u00e1thangszerelve, megbolygatva, de szerintem nagyon j\u00f3l ny\u00faltak hozz\u00e1. Az kifejezetten bej\u00f6tt, hogy Erd\u00e9sz-Koll\u00e1r-G\u00f6m\u00f6r tri\u00f3val indult az eleje (nem sokkal k\u00e9s\u0151bb csatlakozott P\u00f3cs Tam\u00e1s \u00e9s Bogd\u00e1n Csaba), kiss\u00e9 durv\u00e1n, kem\u00e9nyen, olyan SBB II-es, j\u00f3 \u00e9rtelemben vett primit\u00edv bet\u00e9tekkel. De kellett. Nagyon \u00e9lt, nagyon \u00fclt. Az h\u00e1tt\u00e9rv\u00e1sznon fut\u00f3 anim\u00e1ci\u00f3k j\u00f3t tettek a m\u0171sornak. Eg\u00e9szen komoly \u00f6sszm\u0171v\u00e9szeti produkci\u00f3t var\u00e1zsoltak a sz\u00ednpadra, m\u00e9g akkor is, ha a harmadik album mell\u00e9 adott novell\u00e1sf\u00fczetek balj\u00f3s, szorongat\u00f3 hangulat\u00e1t id\u00e9zt\u00e9k meg.<\/p>\n\n\n\n<div style=\"height:40px\" aria-hidden=\"true\" class=\"wp-block-spacer\"><\/div>\n\n\n\n<figure class=\"wp-block-image alignwide size-full\"><img loading=\"lazy\" decoding=\"async\" width=\"2000\" height=\"1336\" src=\"https:\/\/tolgyesinorbert.hu\/wp-content\/uploads\/2026\/03\/image-1.png\" alt=\"\" class=\"wp-image-313\" srcset=\"https:\/\/tolgyesinorbert.hu\/wp-content\/uploads\/2026\/03\/image-1.png 2000w, https:\/\/tolgyesinorbert.hu\/wp-content\/uploads\/2026\/03\/image-1-300x200.png 300w, https:\/\/tolgyesinorbert.hu\/wp-content\/uploads\/2026\/03\/image-1-1024x684.png 1024w, https:\/\/tolgyesinorbert.hu\/wp-content\/uploads\/2026\/03\/image-1-768x513.png 768w, https:\/\/tolgyesinorbert.hu\/wp-content\/uploads\/2026\/03\/image-1-1536x1026.png 1536w, https:\/\/tolgyesinorbert.hu\/wp-content\/uploads\/2026\/03\/image-1-1140x762.png 1140w\" sizes=\"auto, (max-width: 2000px) 100vw, 2000px\" \/><figcaption class=\"wp-element-caption\">K\u00e9p: <a href=\"https:\/\/www.facebook.com\/solarisegyuttes.hu\">Solaris egy\u00fcttes facebook<\/a><\/figcaption><\/figure>\n\n\n\n<p>A Marsb\u00e9li kr\u00f3nik\u00e1k m\u00e1sodik lemez\u00e9r\u0151l is j\u00e1tszottak. Valahogy eddig nem tal\u00e1ltak meg onnan a dalok, viszont ebbe a k\u00fcl\u00f6nleges est\u00e9be integr\u00e1lva \u00e9l\u0151ben el\u00e9rtek. Kir\u00e1ly Istv\u00e1n (EAST) vend\u00e9gdobol\u00e1s\u00e1val, a halbiol\u00f3gus Szend\u0151fi Bal\u00e1zs zseni\u00e1lisan puha basszusalapj\u00e1val, az \u00e9l\u0151 legenda Muck Ferenc szaxofonj\u00e1val \u00e9s H\u00e1mori M\u00e1t\u00e9 akusztikus git\u00e1rj\u00e1t\u00e9k\u00e1val t\u00f6k\u00e9letesen passzoltak a hely\u00fckre.<\/p>\n\n\n\n<p>A korai dalok is el\u0151ker\u00fcltek, Raus Ferenc dobossal egyetemben. Meghat\u00f3 volt, hogy megid\u00e9zt\u00e9k Czigl\u00e1n Istv\u00e1nt (1959-1998) \u00e9s T\u00f3th Vilmost (1960-2013) is egy-egy dal erej\u00e9ig felv\u00e9telekr\u0151l. A Czigl\u00e1n f\u00e9le git\u00e1rdarab annyira sz\u00e9p. <\/p>\n\n\n\n<div style=\"height:40px\" aria-hidden=\"true\" class=\"wp-block-spacer\"><\/div>\n\n\n\n<figure class=\"wp-block-image alignwide size-full\"><img loading=\"lazy\" decoding=\"async\" width=\"2000\" height=\"1336\" src=\"https:\/\/tolgyesinorbert.hu\/wp-content\/uploads\/2026\/03\/image-10.png\" alt=\"\" class=\"wp-image-356\" srcset=\"https:\/\/tolgyesinorbert.hu\/wp-content\/uploads\/2026\/03\/image-10.png 2000w, https:\/\/tolgyesinorbert.hu\/wp-content\/uploads\/2026\/03\/image-10-300x200.png 300w, https:\/\/tolgyesinorbert.hu\/wp-content\/uploads\/2026\/03\/image-10-1024x684.png 1024w, https:\/\/tolgyesinorbert.hu\/wp-content\/uploads\/2026\/03\/image-10-768x513.png 768w, https:\/\/tolgyesinorbert.hu\/wp-content\/uploads\/2026\/03\/image-10-1536x1026.png 1536w, https:\/\/tolgyesinorbert.hu\/wp-content\/uploads\/2026\/03\/image-10-1140x762.png 1140w\" sizes=\"auto, (max-width: 2000px) 100vw, 2000px\" \/><figcaption class=\"wp-element-caption\">K\u00e9p: <a href=\"https:\/\/www.facebook.com\/solarisegyuttes.hu\">Solaris egy\u00fcttes facebook<\/a>, fot\u00f3: Bosny\u00e1k L\u00e1szl\u00f3<\/figcaption><\/figure>\n\n\n\n<div style=\"height:40px\" aria-hidden=\"true\" class=\"wp-block-spacer\"><\/div>\n\n\n\n<figure class=\"wp-block-image alignwide size-full\"><img loading=\"lazy\" decoding=\"async\" width=\"2000\" height=\"1336\" src=\"https:\/\/tolgyesinorbert.hu\/wp-content\/uploads\/2026\/03\/image-12.png\" alt=\"\" class=\"wp-image-358\" srcset=\"https:\/\/tolgyesinorbert.hu\/wp-content\/uploads\/2026\/03\/image-12.png 2000w, https:\/\/tolgyesinorbert.hu\/wp-content\/uploads\/2026\/03\/image-12-300x200.png 300w, https:\/\/tolgyesinorbert.hu\/wp-content\/uploads\/2026\/03\/image-12-1024x684.png 1024w, https:\/\/tolgyesinorbert.hu\/wp-content\/uploads\/2026\/03\/image-12-768x513.png 768w, https:\/\/tolgyesinorbert.hu\/wp-content\/uploads\/2026\/03\/image-12-1536x1026.png 1536w, https:\/\/tolgyesinorbert.hu\/wp-content\/uploads\/2026\/03\/image-12-1140x762.png 1140w\" sizes=\"auto, (max-width: 2000px) 100vw, 2000px\" \/><figcaption class=\"wp-element-caption\">K\u00e9p: <a href=\"https:\/\/www.facebook.com\/solarisegyuttes.hu\">Solaris egy\u00fcttes facebook<\/a>, fot\u00f3: Bosny\u00e1k L\u00e1szl\u00f3<\/figcaption><\/figure>\n\n\n\n<div style=\"height:40px\" aria-hidden=\"true\" class=\"wp-block-spacer\"><\/div>\n\n\n\n<p>M\u00e1r vagy m\u00e1sf\u00e9l \u00f3r\u00e1n\u00e1l j\u00e1rt a m\u0171sor \u00e9s az \u00faj lemez m\u00e9g sehol, \u00edgy a sz\u00fcnetet \u00fcd\u00f6z\u00f6lve fogadtam. A produkci\u00f3 hossz\u00fas\u00e1ga \u00e9s a pihen\u0151 komolly\u00e1 \u00e9s maratoniv\u00e1 var\u00e1zsolta az est\u00e9t. De h\u00e1t jubileumi koncert, milyen legyen, ha nem komoly? A piszo\u00e1rn\u00e1l a n\u00e9z\u0151k \u00e1ltal d\u00fadolt els\u0151 Solaris dal legend\u00e1san f\u00fclbem\u00e1sz\u00f3 fuvoladallam\u00e1t lehetett (kellett) hallgatni al\u00e1fest\u00e9snek jobb-rosszabb el\u0151ad\u00e1sban, velesz\u00fcletett zenei \u00e9rz\u00e9kt\u0151l \u00e9s gyakorlatt\u00f3l f\u00fcgg\u0151en. Fogadjunk, hogy most te is elkezdted d\u00fadolni&#8230;<\/p>\n\n\n\n<p>Nem voltak olcs\u00f3k a bel\u00e9p\u0151k, viszont a zenekar sokat adott \u00e9rte cser\u00e9be. A h\u00fasz perces pihen\u0151 arra is alkalmas volt, hogy kicsit elm\u00e9lkedj\u00fcnk Tam\u00e1val az addig l\u00e1tottakon-hallottakon. Ez nem egy k\u00f6nnyen em\u00e9szthet\u0151 anyag, nem egy h\u00e1tt\u00e9rzene, fel kell dolgozni, nem adja k\u00f6nnyen mag\u00e1t. Ig\u00e9nybe vesz. Engem a sok eml\u00e9k miatt m\u00e9gink\u00e1bb. \u00c9s \u00edgy van j\u00f3l. <\/p>\n\n\n\n<div style=\"height:40px\" aria-hidden=\"true\" class=\"wp-block-spacer\"><\/div>\n\n\n\n<figure class=\"wp-block-image alignwide size-full\"><img loading=\"lazy\" decoding=\"async\" width=\"2000\" height=\"1336\" src=\"https:\/\/tolgyesinorbert.hu\/wp-content\/uploads\/2026\/03\/image-5.png\" alt=\"\" class=\"wp-image-325\" srcset=\"https:\/\/tolgyesinorbert.hu\/wp-content\/uploads\/2026\/03\/image-5.png 2000w, https:\/\/tolgyesinorbert.hu\/wp-content\/uploads\/2026\/03\/image-5-300x200.png 300w, https:\/\/tolgyesinorbert.hu\/wp-content\/uploads\/2026\/03\/image-5-1024x684.png 1024w, https:\/\/tolgyesinorbert.hu\/wp-content\/uploads\/2026\/03\/image-5-768x513.png 768w, https:\/\/tolgyesinorbert.hu\/wp-content\/uploads\/2026\/03\/image-5-1536x1026.png 1536w, https:\/\/tolgyesinorbert.hu\/wp-content\/uploads\/2026\/03\/image-5-1140x762.png 1140w\" sizes=\"auto, (max-width: 2000px) 100vw, 2000px\" \/><figcaption class=\"wp-element-caption\">K\u00e9p: <a href=\"https:\/\/www.facebook.com\/solarisegyuttes.hu\">Solaris egy\u00fcttes facebook<\/a><\/figcaption><\/figure>\n\n\n\n<p>A harmadik Marsb\u00e9li nagyon j\u00f3l siker\u00fclt album lett, \u00e9l\u0151ben is igaz\u00e1n lehengerl\u0151 volt a sz\u00fcnet ut\u00e1ni felvon\u00e1sban. Az Ullman Zsuzs\u00e1val fel\u00e1ll\u00f3 k\u00f3rus elemi ereje bel\u00e9m sziv\u00e1rgott (a m\u0171v\u00e9szn\u0151vel a kilencvenes \u00e9vek elej\u00e9n Cabaret n\u00e9ven k\u00e9sz\u00edtett albumot a Solaris n\u00e9h\u00e1ny tagja Erd\u00e9sz R\u00f3bert vezet\u00e9s\u00e9vel). Bogd\u00e1n Csaba csod\u00e1latos git\u00e1ros \u00e9s zeneszerz\u0151, nem vagyok egy popzene fal\u00f3, de a kedv\u00e9\u00e9rt (\u00e9s Kisszab\u00f3 G\u00e1bor kedv\u00e9\u00e9rt) r\u00e1pattantam az Els\u0151 Emelet \u00e9letm\u0171re is (s\u0151t szerintem az Els\u0151 Emelet tagokb\u00f3l \u00e9s Gesztib\u0151l verbuv\u00e1l\u00f3dott Rap\u00fcl\u0151k is zseni\u00e1lis a maga m\u0171faj\u00e1ban). Sz\u00edvesen meghallgattam volna az eg\u00e9sz h\u00e1rmas Marsb\u00e9li albumot, de tal\u00e1n akkor m\u00e9g most is ott \u00fcln\u00e9nk. \u00d3ri\u00e1si a Solaris \u00e9letm\u0171, valahol v\u00e1gni kellett.<\/p>\n\n\n\n<div style=\"height:40px\" aria-hidden=\"true\" class=\"wp-block-spacer\"><\/div>\n\n\n\n<figure class=\"wp-block-image alignwide size-full\"><img loading=\"lazy\" decoding=\"async\" width=\"1500\" height=\"1000\" src=\"https:\/\/tolgyesinorbert.hu\/wp-content\/uploads\/2026\/03\/image-3.png\" alt=\"\" class=\"wp-image-319\" srcset=\"https:\/\/tolgyesinorbert.hu\/wp-content\/uploads\/2026\/03\/image-3.png 1500w, https:\/\/tolgyesinorbert.hu\/wp-content\/uploads\/2026\/03\/image-3-300x200.png 300w, https:\/\/tolgyesinorbert.hu\/wp-content\/uploads\/2026\/03\/image-3-1024x683.png 1024w, https:\/\/tolgyesinorbert.hu\/wp-content\/uploads\/2026\/03\/image-3-768x512.png 768w, https:\/\/tolgyesinorbert.hu\/wp-content\/uploads\/2026\/03\/image-3-1140x760.png 1140w\" sizes=\"auto, (max-width: 1500px) 100vw, 1500px\" \/><figcaption class=\"wp-element-caption\">K\u00e9p: <a href=\"https:\/\/www.facebook.com\/solarisegyuttes.hu\">Solaris egy\u00fcttes facebook<\/a><\/figcaption><\/figure>\n\n\n\n<p>A t\u00e9ma neh\u00e9z: mesters\u00e9ges intelligencia, robotok, j\u00f6v\u0151, a Solarist a p\u00e1ly\u00e1ja elej\u00e9t\u0151l k\u00eds\u00e9r\u0151 tudom\u00e1nyos fantasztikus tematika nem is lehetne aktu\u00e1lisabb. Vajon sz\u00fcks\u00e9gszer\u0171 a pusztul\u00e1sunk vagy m\u00e1s fizikai form\u00e1ba alakul\u00e1sunk, robott\u00e1 v\u00e1l\u00e1sunk? A z\u00e1r\u00f3k\u00e9psor Nagy L\u00e1szl\u00f3t id\u00e9zte a k\u00e9rd\u00e9sre, hogy mit \u00fczen az \u00f6tven \u00e9v m\u00falva \u00e9l\u0151knek: &#8222;Ha lesz emberi arcuk egy\u00e1ltal\u00e1n, akkor cs\u00f3kolom \u0151ket.&#8221; Dr\u00e1mai z\u00e1r\u00e1sa az \u00faj lemezr\u0151l sz\u00f3l\u00f3 blokknak.<\/p>\n\n\n\n<p>Nagyon \u00f6r\u00fcltem a legend\u00e1s Koll\u00e1r-f\u00e9le st\u00edlusos z\u00e1r\u00f3karmesterked\u00e9snek az E-moll Concert\u00f3n\u00e1l (<a href=\"https:\/\/www.youtube.com\/watch?v=T8Flhnp3kEU\">itt<\/a> egy szuper t\u00e9v\u00e9s el\u0151ad\u00e1s 1990 k\u00f6rny\u00e9k\u00e9r\u0151l), a civilben radiol\u00f3gus f\u0151orvos gy\u00f6ny\u00f6r\u0171, kiegyens\u00falyozott \u00e9s \u00f6tletes fuvolaj\u00e1t\u00e9k\u00e1val, \u00e9teri dallamvezet\u00e9seivel nagyon fontos \u00e9s stabil pill\u00e9re a zenekarnak. A hossz\u00fa, eg\u00e9sz est\u00e9s produkci\u00f3t term\u00e9szetesen massz\u00edv vastaps fogadta. Meg\u00e9rdemelten. Legsz\u00edvesebben hazavittem volna az eg\u00e9sz band\u00e1t h\u00e1zizenekaromnak. Csak val\u00f3sz\u00edn\u0171leg n\u00e9mi ellenkez\u00e9sbe botlottam volna. Arr\u00f3l nem is besz\u00e9lve, hogy ennyi embert etetni&#8230;<\/p>\n\n\n\n<div style=\"height:40px\" aria-hidden=\"true\" class=\"wp-block-spacer\"><\/div>\n\n\n\n<figure class=\"wp-block-image alignwide size-full\"><img loading=\"lazy\" decoding=\"async\" width=\"2048\" height=\"1378\" src=\"https:\/\/tolgyesinorbert.hu\/wp-content\/uploads\/2026\/03\/656268899_27169523879302034_3967464320684752905_n.jpg\" alt=\"\" class=\"wp-image-361\" srcset=\"https:\/\/tolgyesinorbert.hu\/wp-content\/uploads\/2026\/03\/656268899_27169523879302034_3967464320684752905_n.jpg 2048w, https:\/\/tolgyesinorbert.hu\/wp-content\/uploads\/2026\/03\/656268899_27169523879302034_3967464320684752905_n-300x202.jpg 300w, https:\/\/tolgyesinorbert.hu\/wp-content\/uploads\/2026\/03\/656268899_27169523879302034_3967464320684752905_n-1024x689.jpg 1024w, https:\/\/tolgyesinorbert.hu\/wp-content\/uploads\/2026\/03\/656268899_27169523879302034_3967464320684752905_n-768x517.jpg 768w, https:\/\/tolgyesinorbert.hu\/wp-content\/uploads\/2026\/03\/656268899_27169523879302034_3967464320684752905_n-1536x1034.jpg 1536w, https:\/\/tolgyesinorbert.hu\/wp-content\/uploads\/2026\/03\/656268899_27169523879302034_3967464320684752905_n-1140x767.jpg 1140w\" sizes=\"auto, (max-width: 2048px) 100vw, 2048px\" \/><figcaption class=\"wp-element-caption\">K\u00e9p: <a href=\"https:\/\/www.facebook.com\/solarisegyuttes.hu\">Solaris egy\u00fcttes facebook<\/a>, fot\u00f3: Bosny\u00e1k L\u00e1szl\u00f3<\/figcaption><\/figure>\n\n\n\n<p>Ha m\u00e1r ev\u00e9s&#8230; hazafel\u00e9 felfaltunk egy-egy hatalmas \u00e9s dr\u00e1ga hamburgert z\u00e1r\u00e1sk\u00e9nt. Na nem a zenekarral, hanem Tam\u00e1ssal. Az egy\u00fcttes is biztos bev\u00e1gott valamit a hossz\u00fa el\u0151ad\u00e1s ut\u00e1n. Az estnek is meg kell adni. \u00c9s a testnek is meg kell adni. Csod\u00e1s szombat este volt. Rem\u00e9lem Tam\u00e1sb\u00f3l a zenekar harmadgener\u00e1ci\u00f3s rajong\u00f3ja v\u00e1lik. J\u00f3 volt l\u00e1tni, hogy az id\u0151sebb, zenekarral egy\u00fctt \u00f6reged\u0151 rajong\u00f3kon k\u00edv\u00fcl fiatalok, s\u0151t eg\u00e9szen fiatalok is voltak.<\/p>\n\n\n\n<p>A vas\u00e1rnap egy kis t\u00far\u00e1z\u00e1ssal telt, a feles\u00e9gemmel \u00e9s k\u00e9t h\u0171s\u00e9ges tacsk\u00f3nkkal kiszaladtunk a Pilis gy\u00f6ny\u00f6r\u0171 hegyei k\u00f6z\u00e9 barangolni. K\u00f6zben f\u00e9l szemmel n\u00e9zegettem a jegycser\u00e9l\u0151 oldalt, ha \u00e9pp volt t\u00e9rer\u0151. Fel-felbukkant egy-egy jegy az aznapi, m\u00e1sodik koncertre. Abban maradtam magammal, hogy ha d\u00e9lut\u00e1n \u00f6tkor lesz fent egy jegy h\u00faszezer forint alatt, akkor megveszem, \u00e9s ism\u00e9tlek, sz\u00f3ljon az b\u00e1rhov\u00e1 a n\u00e9z\u0151t\u00e9ren.<\/p>\n\n\n\n<p>\u00d6t \u00f3ra negyvenkor riadtam fel a kir\u00e1ndul\u00e1s ut\u00e1ni vas\u00e1rnapi szuny\u00f3k\u00e1b\u00f3l. R\u00e1friss\u00edtettem a swap oldalra. Tizenh\u00e9tezer. Bumm. Sikeres v\u00e1s\u00e1rl\u00e1s. Ismeretlen\u00fcl is k\u00f6sz\u00f6n\u00f6m az elad\u00f3nak, b\u00e1rmily oka is volt a jegy elpasszol\u00e1s\u00e1ra. \u00d6sszekapkodtam magam, a tegnap esti inget magamra h\u00e1nyva, f\u00e9l\u00e1lmosan aut\u00f3ba v\u00e1gtam magam \u00e9s ir\u00e1ny ism\u00e9t a V\u00e1rkert Baz\u00e1r.<\/p>\n\n\n\n<p>A fejemen m\u00e9g a p\u00e1rnagy\u0171r\u0151d\u00e9s nyoma. A trib\u00fcnre sz\u00f3lt a jegy k\u00f6z\u00e9pre. Nem baj, nem az el\u0151z\u0151 est\u00e9t akartam megism\u00e9telni, az \u00fagyis megism\u00e9telhetetlen marad \u00fagy, ahogy volt. Kiss\u00e9 messze volt a sz\u00ednpad, de legal\u00e1bb emelkedett, nem kellett tark\u00f3kat b\u00e1mulnom (kis fejtet\u0151ket igen, viszont az \u00e9gbeny\u00fal\u00f3 tup\u00edrozott haj int\u00e9zm\u00e9ny\u00e9t meg\u00fasztam). Nincs bajom a tark\u00f3kkal, de na. Bocs a szomsz\u00e9domnak a k\u00e9t napos ingem\u00e9rt. Ments\u00e9gemre szolg\u00e1ljon, hogy a fell\u00e9p\u0151k\u00f6n is az el\u0151z\u0151 napi ruha volt, gondolom a vide\u00f3felv\u00e9telek rugalmasabb kever\u00e9se miatt. B\u00e1r lehet, hogy \u0151k kimost\u00e1k. No de hagyjuk.<\/p>\n\n\n\n<div style=\"height:40px\" aria-hidden=\"true\" class=\"wp-block-spacer\"><\/div>\n\n\n\n<figure class=\"wp-block-image alignwide size-full\"><img loading=\"lazy\" decoding=\"async\" width=\"2560\" height=\"1441\" src=\"https:\/\/tolgyesinorbert.hu\/wp-content\/uploads\/2026\/03\/20260322_190455-1-scaled.jpg\" alt=\"\" class=\"wp-image-283\" srcset=\"https:\/\/tolgyesinorbert.hu\/wp-content\/uploads\/2026\/03\/20260322_190455-1-scaled.jpg 2560w, https:\/\/tolgyesinorbert.hu\/wp-content\/uploads\/2026\/03\/20260322_190455-1-300x169.jpg 300w, https:\/\/tolgyesinorbert.hu\/wp-content\/uploads\/2026\/03\/20260322_190455-1-1024x577.jpg 1024w, https:\/\/tolgyesinorbert.hu\/wp-content\/uploads\/2026\/03\/20260322_190455-1-768x432.jpg 768w, https:\/\/tolgyesinorbert.hu\/wp-content\/uploads\/2026\/03\/20260322_190455-1-1536x865.jpg 1536w, https:\/\/tolgyesinorbert.hu\/wp-content\/uploads\/2026\/03\/20260322_190455-1-2048x1153.jpg 2048w, https:\/\/tolgyesinorbert.hu\/wp-content\/uploads\/2026\/03\/20260322_190455-1-1140x642.jpg 1140w\" sizes=\"auto, (max-width: 2560px) 100vw, 2560px\" \/><figcaption class=\"wp-element-caption\">Vas\u00e1rnap a trib\u00fcnr\u0151l, saj\u00e1t fot\u00f3<\/figcaption><\/figure>\n\n\n\n<p>A hangz\u00e1s n\u00e9ha kicsit halk volt h\u00e1tulr\u00f3l, f\u0151leg az ind\u00edt\u00f3 Marsb\u00e9li kr\u00f3nik\u00e1k egyest \u00e9reztem \u00fagy, tal\u00e1n csak az el\u0151z\u0151 napi els\u0151 sorhoz k\u00e9pest. Id\u0151nk\u00e9nt a dobn\u00e1l volt egy kellemetlen puffan\u00e1s le\u00fct\u00e9skor, azt\u00e1n kotoztak valamit a cs\u00faszk\u00e1kon a felel\u0151s\u00f6k \u00e9s rendben lett, \u00f6sszess\u00e9g\u00e9ben el\u00e9gedett voltam. Az \u00e1tk\u00f6t\u0151 sz\u00f6vegeket mag\u00e1ra v\u00e1llal\u00f3 zseni, a zenekar egyik agytr\u00f6sztje Erd\u00e9sz R\u00f3bert billenty\u0171s szombaton \u00e9s vas\u00e1rnap is megfeledkezett egy-egy tag bemutat\u00e1s\u00e1r\u00f3l. Szombaton Seres Attila (a zenekar els\u0151 basszerosa), vas\u00e1rnap maga Muck Ferenc volt az &#8222;\u00e1ldozat&#8221;. Belef\u00e9rt, igaz\u00e1n \u00e9l\u0151v\u00e9, l\u00e9legz\u0151v\u00e9, k\u00f6zeliv\u00e9 var\u00e1zsolt\u00e1k ezek a koncertet, a billenty\u0171s pedig szerethet\u0151 ember, nem besz\u00e9lve arr\u00f3l, hogy \u00edgy legal\u00e1bb kaptunk egy Peter Gabriel koncertsztorit a zen\u00e9szt\u0151l, ahol szint\u00e9n volt valami f\u00e9lrecs\u00fasz\u00e1s. R\u00f3bert egy\u00e9bk\u00e9nt m\u00e9g le is \u00e1ll\u00edtott egy sz\u00e1mot Muckmester kedv\u00e9\u00e9rt. J\u00f3l tette. Meg\u00e9rdemli az \u00f6reg. Ez\u00faton is h\u00e1la neki a Jazz GT 1989-\u00e9rt, aminek az im\u00e1dott kezd\u0151riffje felejthetetlen\u00fcl a r\u00e9szem lett (a teljes lemezzel egy\u00fctt).<\/p>\n\n\n\n<div style=\"height:40px\" aria-hidden=\"true\" class=\"wp-block-spacer\"><\/div>\n\n\n<div class=\"wp-block-image\">\n<figure class=\"aligncenter size-full is-resized\"><img loading=\"lazy\" decoding=\"async\" width=\"937\" height=\"928\" src=\"https:\/\/tolgyesinorbert.hu\/wp-content\/uploads\/2026\/03\/image-9.png\" alt=\"\" class=\"wp-image-352\" style=\"aspect-ratio:1.0097139894971714;width:678px;height:auto\" srcset=\"https:\/\/tolgyesinorbert.hu\/wp-content\/uploads\/2026\/03\/image-9.png 937w, https:\/\/tolgyesinorbert.hu\/wp-content\/uploads\/2026\/03\/image-9-300x297.png 300w, https:\/\/tolgyesinorbert.hu\/wp-content\/uploads\/2026\/03\/image-9-150x150.png 150w, https:\/\/tolgyesinorbert.hu\/wp-content\/uploads\/2026\/03\/image-9-768x761.png 768w\" sizes=\"auto, (max-width: 937px) 100vw, 937px\" \/><\/figure>\n<\/div>\n\n\n<div style=\"height:40px\" aria-hidden=\"true\" class=\"wp-block-spacer\"><\/div>\n\n\n\n<p>A h\u00e1rom \u00f3r\u00e1s koncert elr\u00f6ppent, sz\u00e9tfolytam a sz\u00e9kben \u00e9s sz\u00edvtam magamba a zen\u00e9t, a l\u00e1tv\u00e1nyt. A ritmusra id\u0151nk\u00e9nt mozgott a l\u00e1bam, amit a szomsz\u00e9daim is \u00e9lvezhettek, mivelhogy egy\u00fctt ringott p\u00e1r k\u00f6z\u00f6s alapra r\u00f6gz\u00edtett, szomsz\u00e9dos trib\u00fcnsz\u00e9k. M\u00e1sodik este sem unatkoztam, ez a zene van annyira komplex, hogy b\u0151ven megtartott \u00e9s adott. Nem besz\u00e9lve arr\u00f3l, hogy mennyire szeretem, \u00e9s mennyi eml\u00e9ket sz\u00e1ntott fel bennem. Ap\u00e1m is ott \u00fclt az ingzsebemben. T\u0151le is bocs, hogy k\u00e9tnapos volt a cucc. Tudom, hogy nem zavarta. Am\u00fagy is m\u00e1sodik koncertnapra m\u00e1sodnapos inget nem? \u00c9s amennyire \u00e9n tudom, sosem j\u00e1rt Solaris koncerten.<\/p>\n\n\n\n<div style=\"height:40px\" aria-hidden=\"true\" class=\"wp-block-spacer\"><\/div>\n\n\n\n<figure class=\"wp-block-image alignwide size-full\"><img loading=\"lazy\" decoding=\"async\" width=\"1093\" height=\"668\" src=\"https:\/\/tolgyesinorbert.hu\/wp-content\/uploads\/2026\/03\/image-13.png\" alt=\"\" class=\"wp-image-364\" srcset=\"https:\/\/tolgyesinorbert.hu\/wp-content\/uploads\/2026\/03\/image-13.png 1093w, https:\/\/tolgyesinorbert.hu\/wp-content\/uploads\/2026\/03\/image-13-300x183.png 300w, https:\/\/tolgyesinorbert.hu\/wp-content\/uploads\/2026\/03\/image-13-1024x626.png 1024w, https:\/\/tolgyesinorbert.hu\/wp-content\/uploads\/2026\/03\/image-13-768x469.png 768w\" sizes=\"auto, (max-width: 1093px) 100vw, 1093px\" \/><figcaption class=\"wp-element-caption\">K\u00e9p: <a href=\"https:\/\/www.facebook.com\/solarisegyuttes.hu\">Solaris egy\u00fcttes facebook<\/a>, fot\u00f3: V\u00e1rady Nikolett<\/figcaption><\/figure>\n\n\n\n<p>Az este z\u00e1r\u00e1sak\u00e9nt egy \u00e9jjel-nappaliban v\u00e1s\u00e1rolt le\u00e9rt\u00e9kelt pog\u00e1csap\u00e1ros helyettes\u00edtette a szombati duplah\u00fasos marhah\u00fasbomb\u00e1t. Legal\u00e1bb kedvez\u0151 \u00e1ron. M\u00e1r nem kellett villantanom a gyerek el\u0151tt.<\/p>\n\n\n\n<p>Aprop\u00f3 a koncertek el\u0151tti p\u00e9nteken egy agglomer\u00e1ci\u00f3s telep\u00fcl\u00e9s romos \u00fatjain haladtam \u00e1t apr\u00f3 Yarisommal, amikor l\u00e1ttam egy (rem\u00e9lem j\u00f3l l\u00e1ttam) szemeteskuk\u00e1t tologat\u00f3 f\u00f3szert, akir\u0151l Kir\u00e1ly Istv\u00e1n jutott eszembe. Nem \u00e1lltam meg, m\u00e9gis mit mondtam volna: Maga Kir\u00e1ly Istv\u00e1n? Kir\u00e1ly. M\u00e1r egyszer j\u00e1rtam hasonl\u00f3an, amikor a nyolcadik ker\u00fcletben vonszoltam magam eb\u00e9delni az irod\u00e1b\u00f3l kil\u00e9pve, erre egy sarkon r\u00e1m sz\u00f3lt egy parkol\u00f3 kocsib\u00f3l a sof\u0151r, hogy mennyi hely van m\u00e9g a t\u00e1bl\u00e1ig? Pejtsik P\u00e9ter n\u00e9zett r\u00e1m k\u00e9rd\u0151n. Annyit mondtam neki, hogy: &#8222;Maga Pejtsik P\u00e9ter az After Cryingb\u00f3l.&#8221;, majd seg\u00edtettem neki. Az any\u00f3sa kocsij\u00e1val volt, m\u00e9g tal\u00e1n ennyit magyar\u00e1zott. De mit kellett volna m\u00e9g mondanom? No mindegy, Kir\u00e1ly Istv\u00e1nnal ezt nem tettem meg ott azon a rosszutas, hepehup\u00e1s agglomer\u00e1ci\u00f3s utc\u00e1n. &#8222;Maga Kir\u00e1ly Istv\u00e1n az EAST-b\u0151l.&#8221; Nem az igazi. Hagyjuk. Tov\u00e1bb hajtottam.<\/p>\n\n\n\n<div style=\"height:40px\" aria-hidden=\"true\" class=\"wp-block-spacer\"><\/div>\n\n\n<div class=\"wp-block-image\">\n<figure class=\"aligncenter size-full is-resized\"><img loading=\"lazy\" decoding=\"async\" width=\"526\" height=\"526\" src=\"https:\/\/tolgyesinorbert.hu\/wp-content\/uploads\/2026\/03\/image-15.png\" alt=\"\" class=\"wp-image-371\" style=\"width:700px;height:auto\" srcset=\"https:\/\/tolgyesinorbert.hu\/wp-content\/uploads\/2026\/03\/image-15.png 526w, https:\/\/tolgyesinorbert.hu\/wp-content\/uploads\/2026\/03\/image-15-300x300.png 300w, https:\/\/tolgyesinorbert.hu\/wp-content\/uploads\/2026\/03\/image-15-150x150.png 150w\" sizes=\"auto, (max-width: 526px) 100vw, 526px\" \/><figcaption class=\"wp-element-caption\">K\u00e9p: <a href=\"https:\/\/www.facebook.com\/solarisegyuttes.hu\">Solaris egy\u00fcttes facebook<\/a>, Kir\u00e1ly Istv\u00e1n \u00e9s G\u00f6m\u00f6r L\u00e1szl\u00f3<\/figcaption><\/figure>\n<\/div>\n\n\n<p>Ennyivel nem \u00e9rt v\u00e9get a t\u00f6rt\u00e9net. H\u00e9tf\u0151 reggel sz\u00e9tn\u00e9ztem a hanglemezek k\u00f6zt a vater\u00e1n. Ha m\u00e1r Kir\u00e1ly Istv\u00e1n, ha m\u00e1r EAST, akkor r\u00e1n\u00e9ztem mik vannak fent. \u00d3\u00d3\u00d3! EAST: Csepel felett az \u00e9g&#8230; egy 1981-es koncertfelv\u00e9tel bakeliten.. ritka, mint a feh\u00e9r holl\u00f3. Ann\u00f3 nem vettem meg, az\u00f3ta \u00e9gre-f\u00f6ldre kerestem, de nem leltem. P\u00e9nzt nem k\u00edm\u00e9lve lecsaptam, \u00e9s m\u00e1snap \u00e1t is vettem egy kedves nyugd\u00edjas b\u00e1csit\u00f3l, D\u00e9nest\u0151l. Csepel&#8230; Csepel&#8230; ott laktam G\u00e1bor bar\u00e1tomn\u00e1l egy \u00e9vig a k\u00e9tezres \u00e9vek k\u00f6zep\u00e9n, \u00edrtam m\u00e1r r\u00f3la a <a href=\"https:\/\/dramazin.hu\/?p=2213\">Dramazinon<\/a>. K\u00fcldtem is a minap neki egy levelet, hogy Solaris koncert volt, meg hogy ritka East lemezt fogtam (G\u00e1bornak megvan nan\u00e1). Gyors v\u00e1laszlevel\u00e9ben m\u00e1ris j\u00f6tt, hogy persze, ott volt csal\u00e1dostul szombaton a V\u00e1rkertben eg\u00e9szen pici rajong\u00f3kat is prezent\u00e1lva. Csak nem tal\u00e1lkoztunk. Solaris. East. Csepel. Eml\u00e9kek. T\u00e9ren \u00e9s id\u0151n \u00e1t is \u00f6sszek\u00f6tnek minket, akkor is ha \u00e9vekig nem l\u00e1tjuk egym\u00e1st.<\/p>\n\n\n\n<div style=\"height:40px\" aria-hidden=\"true\" class=\"wp-block-spacer\"><\/div>\n\n\n\n<figure class=\"wp-block-image alignwide size-full\"><img loading=\"lazy\" decoding=\"async\" width=\"1276\" height=\"999\" src=\"https:\/\/tolgyesinorbert.hu\/wp-content\/uploads\/2026\/03\/20260324_165038-1-1.jpg\" alt=\"\" class=\"wp-image-331\" srcset=\"https:\/\/tolgyesinorbert.hu\/wp-content\/uploads\/2026\/03\/20260324_165038-1-1.jpg 1276w, https:\/\/tolgyesinorbert.hu\/wp-content\/uploads\/2026\/03\/20260324_165038-1-1-300x235.jpg 300w, https:\/\/tolgyesinorbert.hu\/wp-content\/uploads\/2026\/03\/20260324_165038-1-1-1024x802.jpg 1024w, https:\/\/tolgyesinorbert.hu\/wp-content\/uploads\/2026\/03\/20260324_165038-1-1-768x601.jpg 768w, https:\/\/tolgyesinorbert.hu\/wp-content\/uploads\/2026\/03\/20260324_165038-1-1-1140x893.jpg 1140w\" sizes=\"auto, (max-width: 1276px) 100vw, 1276px\" \/><\/figure>\n\n\n\n<div style=\"height:40px\" aria-hidden=\"true\" class=\"wp-block-spacer\"><\/div>\n\n\n\n<p>H\u00e9tf\u0151n mes\u00e9ltem egy, a sz\u00f3ban forg\u00f3 romos utas telep\u00fcl\u00e9sen \u00e9l\u0151 haveromnak a h\u00e9tv\u00e9g\u00e9t (nem \u00edrom le pontosan a hely nev\u00e9t, nehogy a rajong\u00f3k megzavarj\u00e1k Kir\u00e1ly Istv\u00e1nt kukatologat\u00e1s k\u00f6zben), a koncertet , eml\u00edtettem neki a lemezt. Erre mondja, hogy \u0151 ismeri Kir\u00e1ly Istv\u00e1nt, a Rezs\u0151t, egy\u00fctt szoktak focizni, \u00e9s valamit hallott t\u0151le a koncertr\u0151l is. M\u00e1snap el is mes\u00e9lte a dobosnak a sztorit a lemezemmel meg a koncerttel, \u0151 pedig \u00fcdv\u00f6z\u00f6lt \u00edgy ismeretlen\u00fcl is a k\u00f6z\u00f6s kapcsolaton kereszt\u00fcl. K\u00f6sz\u00f6n\u00f6m. Ilyen kicsi a vil\u00e1g. Legk\u00f6zelebb meg\u00e1llok mellette kukatologat\u00e1s k\u00f6zben, ha arra j\u00e1rok, \u00e9s csendben megszor\u00edtom a kez\u00e9t.<\/p>\n\n\n\n<div style=\"height:40px\" aria-hidden=\"true\" class=\"wp-block-spacer\"><\/div>\n\n\n\n<figure class=\"wp-block-image alignwide size-full\"><img loading=\"lazy\" decoding=\"async\" width=\"1376\" height=\"650\" src=\"https:\/\/tolgyesinorbert.hu\/wp-content\/uploads\/2026\/03\/signed-east-csepel-felett-az-eg-1981-live-recording-double-vinyl-lp-280d_3_big-1.jpg\" alt=\"\" class=\"wp-image-334\" srcset=\"https:\/\/tolgyesinorbert.hu\/wp-content\/uploads\/2026\/03\/signed-east-csepel-felett-az-eg-1981-live-recording-double-vinyl-lp-280d_3_big-1.jpg 1376w, https:\/\/tolgyesinorbert.hu\/wp-content\/uploads\/2026\/03\/signed-east-csepel-felett-az-eg-1981-live-recording-double-vinyl-lp-280d_3_big-1-300x142.jpg 300w, https:\/\/tolgyesinorbert.hu\/wp-content\/uploads\/2026\/03\/signed-east-csepel-felett-az-eg-1981-live-recording-double-vinyl-lp-280d_3_big-1-1024x484.jpg 1024w, https:\/\/tolgyesinorbert.hu\/wp-content\/uploads\/2026\/03\/signed-east-csepel-felett-az-eg-1981-live-recording-double-vinyl-lp-280d_3_big-1-768x363.jpg 768w, https:\/\/tolgyesinorbert.hu\/wp-content\/uploads\/2026\/03\/signed-east-csepel-felett-az-eg-1981-live-recording-double-vinyl-lp-280d_3_big-1-1140x539.jpg 1140w\" sizes=\"auto, (max-width: 1376px) 100vw, 1376px\" \/><figcaption class=\"wp-element-caption\">Bal sz\u00e9len Kir\u00e1ly Istv\u00e1n, majd Zareczki Mikl\u00f3s, Varga J\u00e1nos, P\u00e1lv\u00f6lgyi G\u00e9za, M\u00f3cz\u00e1n P\u00e9ter<\/figcaption><\/figure>\n\n\n\n<p>Ha m\u00e1r tal\u00e1lkoz\u00e1sok, akkor idek\u00edv\u00e1nkozik a v\u00e9g\u00e9re egy tavaly decemberi apr\u00f3s\u00e1g. Megjelent Erd\u00e9sz R\u00f3bert Welcome to my brain c\u00edm\u0171 dupla nagylemeze decemberben, \u00e9s egy Kar\u00e1csony el\u0151tti utols\u00f3 szem\u00e9lyes \u00e1tv\u00e9teli lehet\u0151s\u00e9ggel \u00e9lve ellav\u00edroztam \u00e1tvenni a megrendelt anyagot. Maga R\u00f3bert nyitott ajt\u00f3t \u00e9s egy kuk\u00e1t tartott a kez\u00e9&#8230; na j\u00f3 nem, csak viccelek, \u00e9s Kir\u00e1ly Istv\u00e1nt\u00f3l is eln\u00e9z\u00e9st, ha kukahangs\u00falyos lett az im\u00e9nti le\u00edr\u00e1som, nyilv\u00e1n nem ez jellemzi a kiv\u00e1l\u00f3 dobost. Vissza Erd\u00e9sz R\u00f3berthez. Nagyon kedvesen al\u00e1\u00edrta nekem a lemezt \u00e9s a hozz\u00e1 tartoz\u00f3 k\u00f6nyveket is, majd egy \u00f3r\u00e1t besz\u00e9lgett\u00fcnk. Kicsit sz\u00e9gyellem magam, hogy ottragadtam, de nekem \u00f3ri\u00e1si \u00e9lm\u00e9ny volt vele t\u00e1rsalogni, a Solarisr\u00f3l, a scifir\u0151l (tal\u00e1ltunk p\u00e1r k\u00f6z\u00f6s kedvencet). Ments\u00e9gemre szolg\u00e1ljon, hogy \u00e9n sokkal tov\u00e1bb is maradtam volna, tal\u00e1n m\u00e9g ma is ott \u00fcln\u00e9k csontv\u00e1zz\u00e1 sz\u00e1radva. A s\u00falyomnak mondjuk j\u00f3t tett volna. Na de enn\u00e9l az egy \u00f3r\u00e1n\u00e1l r\u00f6videbbre k\u00e9ptelen voltam visszaszor\u00edtani a dolgot a magam r\u00e9sz\u00e9r\u0151l, R\u00f3bert pedig nem zavart el, t\u00fcrelmes volt (biztosan a t\u00f6bbi lelkes rajong\u00f3val is ilyen). Nagy figura, szer\u00e9ny, j\u00f3sz\u00edv\u0171 ember (az milyen csod\u00e1s, hogy a zenekar t\u00f6rt\u00e9net\u00e9b\u0151l mindenkit sz\u00ednpadra \u00e9s lemezfelv\u00e9telre h\u00edvnak, akit tudnak), ez\u00faton is nagyon k\u00f6sz\u00f6n\u00f6m neki azt az \u00f3r\u00e1t, sosem fogom elfelejteni, nagyon sokat jelent nekem.<\/p>\n\n\n\n<div style=\"height:40px\" aria-hidden=\"true\" class=\"wp-block-spacer\"><\/div>\n\n\n\n<figure class=\"wp-block-image alignwide size-full\"><img loading=\"lazy\" decoding=\"async\" width=\"1674\" height=\"1041\" src=\"https:\/\/tolgyesinorbert.hu\/wp-content\/uploads\/2026\/03\/20260327_064630.jpg\" alt=\"\" class=\"wp-image-389\" srcset=\"https:\/\/tolgyesinorbert.hu\/wp-content\/uploads\/2026\/03\/20260327_064630.jpg 1674w, https:\/\/tolgyesinorbert.hu\/wp-content\/uploads\/2026\/03\/20260327_064630-300x187.jpg 300w, https:\/\/tolgyesinorbert.hu\/wp-content\/uploads\/2026\/03\/20260327_064630-1024x637.jpg 1024w, https:\/\/tolgyesinorbert.hu\/wp-content\/uploads\/2026\/03\/20260327_064630-768x478.jpg 768w, https:\/\/tolgyesinorbert.hu\/wp-content\/uploads\/2026\/03\/20260327_064630-1536x955.jpg 1536w, https:\/\/tolgyesinorbert.hu\/wp-content\/uploads\/2026\/03\/20260327_064630-1140x709.jpg 1140w\" sizes=\"auto, (max-width: 1674px) 100vw, 1674px\" \/><figcaption class=\"wp-element-caption\">Nem vagyok egy nagy al\u00e1\u00edrattat\u00f3, de ennek rendk\u00edv\u00fcl \u00f6r\u00fcl\u00f6k<\/figcaption><\/figure>\n\n\n\n<p>Rengeteg dolgot mes\u00e9lt, az egyik ilyen rajong\u00f3i csemege (tal\u00e1n csak nekem \u00faj), hogy az 1990 albumon megjelent Los Angeles 2026 k\u00f6z\u00e9ps\u0151 zongoradarabja eredetileg nem volt ilyen hossz\u00fa, csak egy havaz\u00e1s alkalm\u00e1val kint ragadt T\u00f6r\u00f6kb\u00e1linton a st\u00fadi\u00f3ban \u00e9jszak\u00e1ra, \u00e9s akkor j\u00e1tszotta fel reggelre a csod\u00e1latos fant\u00e1zi\u00e1t (amit Koll\u00e1r Attila ut\u00e1na hossz\u00fanak tal\u00e1lt, de \u00e9n az\u00e9rt nem b\u00e1nom, hogy a felv\u00e9telben maradt). Im\u00e1dom ezt a bet\u00e9tet gyerekkorom \u00f3ta, \u00fagyhogy k\u00f6sz\u00f6net a h\u00f3nak, hogy ilyen ihletett pillanatban \u00e9rkezett azon a r\u00e9gi \u00e9jjelen.<\/p>\n\n\n\n<p>Nagyon sz\u00e9p h\u00e9tv\u00e9ge volt, aminek a legnagyobb \u00e9rt\u00e9ke az volt, hogy Tam\u00e1s elj\u00f6tt velem szombaton megn\u00e9zni az egyik kedvenc zenekaromat.<\/p>\n\n\n\n<p>V\u00e1rom, v\u00e1rjuk a k\u00f6vetkez\u0151 Solaris anyagot, koncertet, b\u00e1rmit.<\/p>\n\n\n\n<p>Addig is a Welcome to my brain k\u00f6nyvek \u00e9s lemez feldolgoz\u00e1s alatt, de az m\u00e1r legyen egy m\u00e1sik t\u00f6rt\u00e9net.<\/p>\n\n\n\n<p>T\u00f6lgyesi Norbert<\/p>\n\n\n\n<p><em>Ut\u00f3irat: Eln\u00e9z\u00e9st, ha nem mindenkit eml\u00edtettem meg a fell\u00e9p\u0151k k\u00f6z\u00fcl. Szinte b\u00e1rmelyik\u00fckr\u0151l k\u00fcl\u00f6n cikket lehetne \u00edrni. Na az\u00e9rt csak na, akik a cikkben m\u00e9g nem voltak: Tereh Istv\u00e1n &#8211; menedzser, Sturcz Andr\u00e1s &#8211; csell\u00f3, Gerdesits Ferenc- vok\u00e1l, Demeter Gy\u00f6rgy vok\u00e1l, \u00e9s a k\u00f3rus (\u0151ket sajnos nem tudom n\u00e9v szerint felsorolni), plusz biztosan rengetegen dolgoztak m\u00e9g azon, hogy ez a k\u00e9t este megval\u00f3sulhasson. Mindenkinek nagy k\u00f6sz\u00f6net!<\/em><\/p>\n\n\n\n<p><em>Ut\u00f3irat 2: Mivel megk\u00e9rt\u00e9k a n\u00e9z\u0151ket el\u0151ad\u00e1s el\u0151tt, hogy ne k\u00e9sz\u00edtsenek felv\u00e9teleket, ennek \u00e9n eleget tettem (csak az \u00fcres sz\u00ednpadr\u00f3l k\u00e9sz\u00fclt koncert el\u0151tti k\u00e9peket l\u0151ttem magam), \u00edgy a Solaris egy\u00fcttes hivatalos oldal\u00e1r\u00f3l haszn\u00e1ltam fel fot\u00f3kat, ut\u00f3lagos engedelm\u00fckkel. Fot\u00f3sok: Bosny\u00e1k L\u00e1szl\u00f3, V\u00e1rady Nikolett. Ahol nem t\u00fcntettem fel a k\u00e9sz\u00edt\u0151t, ott nem volt egy\u00e9rtelm\u0171en jelezve az eredeti forr\u00e1sn\u00e1l<\/em>.<em> Szerz\u0151i jogi panaszok eset\u00e9n k\u00e9rem \u00edrjanak, \u00e9s leker\u00fclnek a k\u00e9pek, igaz szeg\u00e9nyebb lesz t\u0151le a cikk.<\/em><\/p>\n\n\n\n<p><em>Bor\u00edt\u00f3k\u00e9p: <a href=\"https:\/\/www.facebook.com\/solarisegyuttes.hu\">Solaris egy\u00fcttes facebook<\/a><\/em><\/p>\n\n\n\n<p><\/p>\n","protected":false},"excerpt":{"rendered":"<p class=\"post-excerpt\">Fot\u00f3k: Solaris egy\u00fcttes facebook, Bosny\u00e1k L\u00e1szl\u00f3, V\u00e1rady Nikolett. Ak\u00e1rhov\u00e1 is fordul ki a vil\u00e1g mag\u00e1b\u00f3l, kell legyen benn\u00fcnk n\u00e9h\u00e1ny biztos&#8230;<\/p>\n","protected":false},"author":1,"featured_media":403,"comment_status":"open","ping_status":"open","sticky":false,"template":"","format":"standard","meta":{"footnotes":""},"categories":[7],"tags":[],"class_list":["post-251","post","type-post","status-publish","format-standard","has-post-thumbnail","hentry","category-blog"],"_links":{"self":[{"href":"https:\/\/tolgyesinorbert.hu\/index.php?rest_route=\/wp\/v2\/posts\/251","targetHints":{"allow":["GET"]}}],"collection":[{"href":"https:\/\/tolgyesinorbert.hu\/index.php?rest_route=\/wp\/v2\/posts"}],"about":[{"href":"https:\/\/tolgyesinorbert.hu\/index.php?rest_route=\/wp\/v2\/types\/post"}],"author":[{"embeddable":true,"href":"https:\/\/tolgyesinorbert.hu\/index.php?rest_route=\/wp\/v2\/users\/1"}],"replies":[{"embeddable":true,"href":"https:\/\/tolgyesinorbert.hu\/index.php?rest_route=%2Fwp%2Fv2%2Fcomments&post=251"}],"version-history":[{"count":189,"href":"https:\/\/tolgyesinorbert.hu\/index.php?rest_route=\/wp\/v2\/posts\/251\/revisions"}],"predecessor-version":[{"id":483,"href":"https:\/\/tolgyesinorbert.hu\/index.php?rest_route=\/wp\/v2\/posts\/251\/revisions\/483"}],"wp:featuredmedia":[{"embeddable":true,"href":"https:\/\/tolgyesinorbert.hu\/index.php?rest_route=\/wp\/v2\/media\/403"}],"wp:attachment":[{"href":"https:\/\/tolgyesinorbert.hu\/index.php?rest_route=%2Fwp%2Fv2%2Fmedia&parent=251"}],"wp:term":[{"taxonomy":"category","embeddable":true,"href":"https:\/\/tolgyesinorbert.hu\/index.php?rest_route=%2Fwp%2Fv2%2Fcategories&post=251"},{"taxonomy":"post_tag","embeddable":true,"href":"https:\/\/tolgyesinorbert.hu\/index.php?rest_route=%2Fwp%2Fv2%2Ftags&post=251"}],"curies":[{"name":"wp","href":"https:\/\/api.w.org\/{rel}","templated":true}]}}